{"id":9515,"date":"2026-09-03T20:28:45","date_gmt":"2026-09-03T18:28:45","guid":{"rendered":"https:\/\/www.schaeffer-woerly.fr\/?p=9515"},"modified":"2026-09-03T20:28:47","modified_gmt":"2026-09-03T18:28:47","slug":"bio-weinlese-2026-dambach-la-ville","status":"publish","type":"post","link":"https:\/\/www.schaeffer-woerly.fr\/de\/bio-weinlese-2026-dambach-la-ville\/","title":{"rendered":"Im Herzen der Weinlese 2026 im Domaine Schaeffer-Woerly in Dambach-la-Ville"},"content":{"rendered":"\n<p class=\"wp-block-paragraph\">Am 24. August haben wir offiziell den Startschuss f\u00fcr die Weinlese 2026 gegeben. Im Herzen unseres Terroirs in Dambach-la-Ville ist diese Zeit immer ein ganz besonderer Moment, der H\u00f6hepunkt eines Jahres voller harter Arbeit und Leidenschaft. In diesem Jahr ist die Aufregung umso sch\u00f6ner, da die Natur einige wunderbare \u00dcberraschungen f\u00fcr uns bereith\u00e4lt.<\/p>\n\n\n\n<h2 class=\"wp-block-heading\">Au\u00dfergew\u00f6hnliche Widerstandsf\u00e4higkeit trotz Hitzewelle<\/h2>\n\n\n\n<p class=\"wp-block-paragraph\">Nach zweieinhalb Monaten extremer Hitze ohne einen einzigen Tropfen Regen haben unsere Reben eine unglaubliche Widerstandsf\u00e4higkeit bewiesen. Dank unseres langj\u00e4hrigen Engagements f\u00fcr den biologischen Anbau konnten unsere lebendigen B\u00f6den und tief wurzelnden Reben die notwendigen Ressourcen sch\u00f6pfen. Das Ergebnis in den Eimern \u00fcbertrifft unsere Erwartungen: kerngesunde, sonnenverw\u00f6hnte Trauben.<\/p>\n\n\n\n<figure class=\"wp-block-image size-full\"><img loading=\"lazy\" decoding=\"async\" width=\"800\" height=\"600\" src=\"https:\/\/www.schaeffer-woerly.fr\/wp-content\/uploads\/2026\/09\/bio-weinlese-dambach-la-ville-sonnenaufgang-dorf.jpg.jpeg\" alt=\"Das mittelalterliche Dorf Dambach-la-Ville mit einem Sonnenaufgang \u00fcber den Weinbergen des Domaine Schaeffer-Woerly.\" class=\"wp-image-9516\" srcset=\"https:\/\/www.schaeffer-woerly.fr\/wp-content\/uploads\/2026\/09\/bio-weinlese-dambach-la-ville-sonnenaufgang-dorf.jpg.jpeg 800w, https:\/\/www.schaeffer-woerly.fr\/wp-content\/uploads\/2026\/09\/bio-weinlese-dambach-la-ville-sonnenaufgang-dorf.jpg-300x225.jpeg 300w, https:\/\/www.schaeffer-woerly.fr\/wp-content\/uploads\/2026\/09\/bio-weinlese-dambach-la-ville-sonnenaufgang-dorf.jpg-768x576.jpeg 768w\" sizes=\"auto, (max-width: 800px) 100vw, 800px\" \/><figcaption class=\"wp-element-caption\">Ein wundersch\u00f6ner Sonnenaufgang \u00fcber den Weinbergen von Dambach-la-Ville zum Start der Weinlese.<\/figcaption><\/figure>\n\n\n\n<h2 class=\"wp-block-heading\">17 Lesehelfer und sorgf\u00e4ltige Sortierung: Die Entscheidung f\u00fcr 100% Handlese<\/h2>\n\n\n\n<p class=\"wp-block-paragraph\">Die Qualit\u00e4t unserer Weine h\u00e4ngt vor allem vom Respekt vor der Frucht ab. Um diese pr\u00e4chtigen Trauben zu ernten, ist t\u00e4glich ein Team von 17 Helfern in freudiger und heiterer Atmosph\u00e4re im Einsatz. Bei uns erfolgt die Lese ausschlie\u00dflich von Hand. Diese konsequente Entscheidung erm\u00f6glicht eine erste Sortierung direkt am Rebstock und bewahrt die Unversehrtheit jeder einzelnen Traube.<\/p>\n\n\n\n<p class=\"wp-block-paragraph\">Wenn der erste Saft aus der Kelter flie\u00dft, ist das f\u00fcr uns jedes Mal ein ganz besonderer Moment. Die ersten wundervollen Trauben sind bereits sicher im Keller und versprechen Gro\u00dfes: Wir freuen uns auf einen herrlich frischen und lebendigen Cr\u00e9mant d&#8217;Alsace, einen wunderbar weichen und vollmundigen Auxerrois, einen Muscat, der nur so vor frischen Fruchtaromen spr\u00fcht, sowie einen gehaltvollen, vielschichtigen und perfekt ausbalancierten Pinot Gris.<\/p>\n\n\n\n<figure class=\"wp-block-image size-full\"><img loading=\"lazy\" decoding=\"async\" width=\"800\" height=\"600\" src=\"https:\/\/www.schaeffer-woerly.fr\/wp-content\/uploads\/2026\/09\/reife-muscat-traube-elsass-weinlese.jpg.jpeg\" alt=\"Saftige Muscat-Traube im Gegenlicht der Morgensonne im Domaine Schaeffer-Woerly.\" class=\"wp-image-9519\" srcset=\"https:\/\/www.schaeffer-woerly.fr\/wp-content\/uploads\/2026\/09\/reife-muscat-traube-elsass-weinlese.jpg.jpeg 800w, https:\/\/www.schaeffer-woerly.fr\/wp-content\/uploads\/2026\/09\/reife-muscat-traube-elsass-weinlese.jpg-300x225.jpeg 300w, https:\/\/www.schaeffer-woerly.fr\/wp-content\/uploads\/2026\/09\/reife-muscat-traube-elsass-weinlese.jpg-768x576.jpeg 768w\" sizes=\"auto, (max-width: 800px) 100vw, 800px\" \/><figcaption class=\"wp-element-caption\">Unsere saftigen Muscat-Trauben, bereit f\u00fcr die Handlese im fr\u00fchen Morgenlicht.<\/figcaption><\/figure>\n\n\n\n<h2 class=\"wp-block-heading\">Biodiversit\u00e4t im Fokus unserer Bio-Weinberge<\/h2>\n\n\n\n<p class=\"wp-block-paragraph\">Biologisch zu arbeiten bedeutet, im Einklang mit der uns umgebenden Flora und Fauna zu kultivieren. W\u00e4hrend sich die Eimer f\u00fcllen, tobt das Leben zwischen den Rebzeilen. Schauen Sie, wer gekommen ist, um unsere Ernte aus der N\u00e4he zu inspizieren!<\/p>\n\n\n\n<figure class=\"wp-block-image size-full\"><img loading=\"lazy\" decoding=\"async\" width=\"600\" height=\"800\" src=\"https:\/\/www.schaeffer-woerly.fr\/wp-content\/uploads\/2026\/09\/gottesanbeterin-ernteeimer-bio-elsass.jpg.jpeg\" alt=\"Eine Gottesanbeterin auf einem Ernteeimer in den Bio-Weinbergen des Weinguts Schaeffer-Woerly.\" class=\"wp-image-9522\" srcset=\"https:\/\/www.schaeffer-woerly.fr\/wp-content\/uploads\/2026\/09\/gottesanbeterin-ernteeimer-bio-elsass.jpg.jpeg 600w, https:\/\/www.schaeffer-woerly.fr\/wp-content\/uploads\/2026\/09\/gottesanbeterin-ernteeimer-bio-elsass.jpg-225x300.jpeg 225w\" sizes=\"auto, (max-width: 600px) 100vw, 600px\" \/><figcaption class=\"wp-element-caption\">Eine Gottesanbeterin inspiziert unsere Ernte \u2013 ein sch\u00f6nes Zeichen f\u00fcr die Biodiversit\u00e4t in unseren Bio-Reben!<\/figcaption><\/figure>\n\n\n\n<h2 class=\"wp-block-heading\">Verl\u00e4ngern Sie das Erlebnis: Besuchen Sie uns im Verkostungskeller!<\/h2>\n\n\n\n<p class=\"wp-block-paragraph\">Die Begeisterung der Weinlese l\u00e4sst sich auch direkt auf dem Weingut erleben. M\u00f6chten Sie diese einzigartige Atmosph\u00e4re sp\u00fcren, den Winzern bei der Arbeit zusehen und die Fr\u00fcchte der Ernte 2026 probieren?<br>Unser Verkostungskeller hei\u00dft Sie die ganze Saison \u00fcber willkommen. Entspannen Sie sich im k\u00fchlen Weinkeller unter unserer historischen Kelter aus dem Jahr 1757 und plaudern Sie mit uns bei einem Glas Bio-Wein.<\/p>\n\n\n\n<figure class=\"wp-block-image size-full\"><img loading=\"lazy\" decoding=\"async\" width=\"800\" height=\"600\" src=\"https:\/\/www.schaeffer-woerly.fr\/wp-content\/uploads\/2026\/09\/domaine-schaeffer-woerly-schild-blauer-himmel.jpg.jpeg\" alt=\"Das Schild des Domaine Schaeffer-Woerly unter einem blauen Sommerhimmel in Dambach-la-Ville.\" class=\"wp-image-9525\" srcset=\"https:\/\/www.schaeffer-woerly.fr\/wp-content\/uploads\/2026\/09\/domaine-schaeffer-woerly-schild-blauer-himmel.jpg.jpeg 800w, https:\/\/www.schaeffer-woerly.fr\/wp-content\/uploads\/2026\/09\/domaine-schaeffer-woerly-schild-blauer-himmel.jpg-300x225.jpeg 300w, https:\/\/www.schaeffer-woerly.fr\/wp-content\/uploads\/2026\/09\/domaine-schaeffer-woerly-schild-blauer-himmel.jpg-768x576.jpeg 768w\" sizes=\"auto, (max-width: 800px) 100vw, 800px\" \/><figcaption class=\"wp-element-caption\">Willkommen im Domaine Schaeffer-Woerly! Unser Verkostungskeller ist f\u00fcr Sie ge\u00f6ffnet.<\/figcaption><\/figure>\n\n\n\n<p class=\"wp-block-paragraph\"><strong>Planen Sie Ihren Besuch:<\/strong> Finden Sie alle unsere Kontaktdaten, um uns <a href=\"https:\/\/www.schaeffer-woerly.fr\/contact\/\">auf dem Weingut in Dambach-la-Ville zu besuchen<\/a>.<\/p>\n\n\n\n<p class=\"wp-block-paragraph\"><strong>Lust auf eine kleine Verkostung zu Hause?<\/strong> Entdecken Sie unseren Online-Shop und bestellen Sie unsere Jahrg\u00e4nge <a href=\"https:\/\/www.schaeffer-woerly.fr\/vins-alsace-bio-dambach-la-ville\/\">direkt auf unserer Website.<\/a><\/p>\n","protected":false},"excerpt":{"rendered":"<p>Am 24. August haben wir offiziell den Startschuss f\u00fcr die Weinlese 2026 gegeben. Im Herzen unseres Terroirs in Dambach-la-Ville ist diese Zeit immer ein ganz besonderer Moment, der H\u00f6hepunkt eines Jahres voller harter Arbeit und Leidenschaft. In diesem Jahr ist die Aufregung umso sch\u00f6ner, da die Natur einige wunderbare \u00dcberraschungen f\u00fcr uns bereith\u00e4lt. Au\u00dfergew\u00f6hnliche Widerstandsf\u00e4higkeit [&hellip;]<\/p>\n","protected":false},"author":2,"featured_media":9519,"comment_status":"open","ping_status":"open","sticky":false,"template":"","format":"standard","meta":{"_acf_changed":false,"footnotes":""},"categories":[872],"tags":[866,982,789,628,624,793,919,984,983,785,662,945,653],"class_list":["post-9515","post","type-post","status-publish","format-standard","has-post-thumbnail","hentry","category-im-weinberg","tag-bio-weingut","tag-bio-weinlese","tag-biodiversitaet","tag-cremant-dalsace-de","tag-dambach-la-ville-de","tag-domaine-schaeffer-woerly-de","tag-elsass-weine","tag-gottesanbeterin","tag-handlese","tag-muscat","tag-pinot-gris-de","tag-weinlese-2026","tag-weinprobe-elsass"],"acf":[],"yoast_head":"<!-- This site is optimized with the Yoast SEO plugin v28.3 - https:\/\/yoast.com\/product\/yoast-seo-wordpress\/ -->\n<title>Bio-Weinlese 2026 im Elsass | Domaine Schaeffer-Woerly<\/title>\n<meta name=\"description\" content=\"Entdecken Sie die Bio-Weinlese 2026 im Domaine Schaeffer-Woerly in Dambach-la-Ville. 100% Handlese, intakte Biodiversit\u00e4t und exzellente Els\u00e4sser Weine!\" \/>\n<meta name=\"robots\" content=\"index, follow, max-snippet:-1, max-image-preview:large, max-video-preview:-1\" \/>\n<link rel=\"canonical\" href=\"https:\/\/www.schaeffer-woerly.fr\/de\/bio-weinlese-2026-dambach-la-ville\/\" \/>\n<meta property=\"og:locale\" content=\"de_DE\" \/>\n<meta property=\"og:type\" content=\"article\" \/>\n<meta property=\"og:title\" content=\"Bio-Weinlese 2026 im Elsass | Domaine Schaeffer-Woerly\" \/>\n<meta property=\"og:description\" content=\"Entdecken Sie die Bio-Weinlese 2026 im Domaine Schaeffer-Woerly in Dambach-la-Ville. 100% Handlese, intakte Biodiversit\u00e4t und exzellente Els\u00e4sser Weine!\" \/>\n<meta property=\"og:url\" content=\"https:\/\/www.schaeffer-woerly.fr\/de\/bio-weinlese-2026-dambach-la-ville\/\" \/>\n<meta property=\"og:site_name\" content=\"Vins d&#039;Alsace Schaeffer-Woerly\" \/>\n<meta property=\"article:publisher\" content=\"https:\/\/www.facebook.com\/vinsalsace.schaefferwoerly\/\" \/>\n<meta property=\"article:published_time\" content=\"2026-09-03T18:28:45+00:00\" \/>\n<meta property=\"article:modified_time\" content=\"2026-09-03T18:28:47+00:00\" \/>\n<meta property=\"og:image\" content=\"https:\/\/www.schaeffer-woerly.fr\/wp-content\/uploads\/2026\/09\/reife-muscat-traube-elsass-weinlese.jpg.jpeg\" \/>\n\t<meta property=\"og:image:width\" content=\"800\" \/>\n\t<meta property=\"og:image:height\" content=\"600\" \/>\n\t<meta property=\"og:image:type\" content=\"image\/jpeg\" \/>\n<meta name=\"author\" content=\"Maxime Woerly\" \/>\n<meta name=\"twitter:card\" content=\"summary_large_image\" \/>\n<meta name=\"twitter:label1\" content=\"Verfasst von\" \/>\n\t<meta name=\"twitter:data1\" content=\"Maxime Woerly\" \/>\n\t<meta name=\"twitter:label2\" content=\"Gesch\u00e4tzte Lesezeit\" \/>\n\t<meta name=\"twitter:data2\" content=\"4\u00a0Minuten\" \/>\n<script type=\"application\/ld+json\" class=\"yoast-schema-graph\">{\"@context\":\"https:\\\/\\\/schema.org\",\"@graph\":[{\"@type\":\"Article\",\"@id\":\"https:\\\/\\\/www.schaeffer-woerly.fr\\\/de\\\/bio-weinlese-2026-dambach-la-ville\\\/#article\",\"isPartOf\":{\"@id\":\"https:\\\/\\\/www.schaeffer-woerly.fr\\\/de\\\/bio-weinlese-2026-dambach-la-ville\\\/\"},\"author\":{\"name\":\"Maxime Woerly\",\"@id\":\"https:\\\/\\\/www.schaeffer-woerly.fr\\\/#\\\/schema\\\/person\\\/4350aace4d86bbfc51303b8db9ba5402\"},\"headline\":\"Im Herzen der Weinlese 2026 im Domaine Schaeffer-Woerly in Dambach-la-Ville\",\"datePublished\":\"2026-09-03T18:28:45+00:00\",\"dateModified\":\"2026-09-03T18:28:47+00:00\",\"mainEntityOfPage\":{\"@id\":\"https:\\\/\\\/www.schaeffer-woerly.fr\\\/de\\\/bio-weinlese-2026-dambach-la-ville\\\/\"},\"wordCount\":490,\"commentCount\":0,\"publisher\":{\"@id\":\"https:\\\/\\\/www.schaeffer-woerly.fr\\\/#organization\"},\"image\":{\"@id\":\"https:\\\/\\\/www.schaeffer-woerly.fr\\\/de\\\/bio-weinlese-2026-dambach-la-ville\\\/#primaryimage\"},\"thumbnailUrl\":\"https:\\\/\\\/www.schaeffer-woerly.fr\\\/wp-content\\\/uploads\\\/2026\\\/09\\\/reife-muscat-traube-elsass-weinlese.jpg.jpeg\",\"keywords\":[\"Bio-Weingut\",\"Bio-Weinlese\",\"Biodiversit\u00e4t\",\"Cr\u00e9mant d'Alsace\",\"Dambach-la-ville\",\"Domaine Schaeffer-Woerly\",\"Elsass Weine\",\"Gottesanbeterin\",\"Handlese\",\"Muscat\",\"Pinot Gris\",\"Weinlese 2026\",\"Weinprobe Elsass\"],\"articleSection\":[\"Im Weinberg\"],\"inLanguage\":\"de\",\"potentialAction\":[{\"@type\":\"CommentAction\",\"name\":\"Comment\",\"target\":[\"https:\\\/\\\/www.schaeffer-woerly.fr\\\/de\\\/bio-weinlese-2026-dambach-la-ville\\\/#respond\"]}]},{\"@type\":\"WebPage\",\"@id\":\"https:\\\/\\\/www.schaeffer-woerly.fr\\\/de\\\/bio-weinlese-2026-dambach-la-ville\\\/\",\"url\":\"https:\\\/\\\/www.schaeffer-woerly.fr\\\/de\\\/bio-weinlese-2026-dambach-la-ville\\\/\",\"name\":\"Bio-Weinlese 2026 im Elsass | Domaine Schaeffer-Woerly\",\"isPartOf\":{\"@id\":\"https:\\\/\\\/www.schaeffer-woerly.fr\\\/#website\"},\"primaryImageOfPage\":{\"@id\":\"https:\\\/\\\/www.schaeffer-woerly.fr\\\/de\\\/bio-weinlese-2026-dambach-la-ville\\\/#primaryimage\"},\"image\":{\"@id\":\"https:\\\/\\\/www.schaeffer-woerly.fr\\\/de\\\/bio-weinlese-2026-dambach-la-ville\\\/#primaryimage\"},\"thumbnailUrl\":\"https:\\\/\\\/www.schaeffer-woerly.fr\\\/wp-content\\\/uploads\\\/2026\\\/09\\\/reife-muscat-traube-elsass-weinlese.jpg.jpeg\",\"datePublished\":\"2026-09-03T18:28:45+00:00\",\"dateModified\":\"2026-09-03T18:28:47+00:00\",\"description\":\"Entdecken Sie die Bio-Weinlese 2026 im Domaine Schaeffer-Woerly in Dambach-la-Ville. 100% Handlese, intakte Biodiversit\u00e4t und exzellente Els\u00e4sser Weine!\",\"breadcrumb\":{\"@id\":\"https:\\\/\\\/www.schaeffer-woerly.fr\\\/de\\\/bio-weinlese-2026-dambach-la-ville\\\/#breadcrumb\"},\"inLanguage\":\"de\",\"potentialAction\":[{\"@type\":\"ReadAction\",\"target\":[\"https:\\\/\\\/www.schaeffer-woerly.fr\\\/de\\\/bio-weinlese-2026-dambach-la-ville\\\/\"]}]},{\"@type\":\"ImageObject\",\"inLanguage\":\"de\",\"@id\":\"https:\\\/\\\/www.schaeffer-woerly.fr\\\/de\\\/bio-weinlese-2026-dambach-la-ville\\\/#primaryimage\",\"url\":\"https:\\\/\\\/www.schaeffer-woerly.fr\\\/wp-content\\\/uploads\\\/2026\\\/09\\\/reife-muscat-traube-elsass-weinlese.jpg.jpeg\",\"contentUrl\":\"https:\\\/\\\/www.schaeffer-woerly.fr\\\/wp-content\\\/uploads\\\/2026\\\/09\\\/reife-muscat-traube-elsass-weinlese.jpg.jpeg\",\"width\":800,\"height\":600,\"caption\":\"Unsere saftigen Muscat-Trauben, bereit f\u00fcr die Handlese im fr\u00fchen Morgenlicht.\"},{\"@type\":\"BreadcrumbList\",\"@id\":\"https:\\\/\\\/www.schaeffer-woerly.fr\\\/de\\\/bio-weinlese-2026-dambach-la-ville\\\/#breadcrumb\",\"itemListElement\":[{\"@type\":\"ListItem\",\"position\":1,\"name\":\"Accueil\",\"item\":\"https:\\\/\\\/www.schaeffer-woerly.fr\\\/de\\\/\"},{\"@type\":\"ListItem\",\"position\":2,\"name\":\"Im Weinberg\",\"item\":\"https:\\\/\\\/www.schaeffer-woerly.fr\\\/de\\\/actus\\\/im-weinberg\\\/\"},{\"@type\":\"ListItem\",\"position\":3,\"name\":\"Im Herzen der Weinlese 2026 im Domaine Schaeffer-Woerly in Dambach-la-Ville\"}]},{\"@type\":\"WebSite\",\"@id\":\"https:\\\/\\\/www.schaeffer-woerly.fr\\\/#website\",\"url\":\"https:\\\/\\\/www.schaeffer-woerly.fr\\\/\",\"name\":\"Vins d'Alsace Schaeffer-Woerly\",\"description\":\"Vigneron en agriculture biologique \u00e0 Dambach-la-Ville (Alsace, France)\",\"publisher\":{\"@id\":\"https:\\\/\\\/www.schaeffer-woerly.fr\\\/#organization\"},\"potentialAction\":[{\"@type\":\"SearchAction\",\"target\":{\"@type\":\"EntryPoint\",\"urlTemplate\":\"https:\\\/\\\/www.schaeffer-woerly.fr\\\/?s={search_term_string}\"},\"query-input\":{\"@type\":\"PropertyValueSpecification\",\"valueRequired\":true,\"valueName\":\"search_term_string\"}}],\"inLanguage\":\"de\"},{\"@type\":\"Organization\",\"@id\":\"https:\\\/\\\/www.schaeffer-woerly.fr\\\/#organization\",\"name\":\"Vins d'Alsace Schaeffer-Woerly\",\"url\":\"https:\\\/\\\/www.schaeffer-woerly.fr\\\/\",\"logo\":{\"@type\":\"ImageObject\",\"inLanguage\":\"de\",\"@id\":\"https:\\\/\\\/www.schaeffer-woerly.fr\\\/#\\\/schema\\\/logo\\\/image\\\/\",\"url\":\"https:\\\/\\\/www.schaeffer-woerly.fr\\\/wp-content\\\/uploads\\\/2020\\\/04\\\/logo-schaeffer-woerly-vins-alsace-dambach-la-vile-e1585817132872.png\",\"contentUrl\":\"https:\\\/\\\/www.schaeffer-woerly.fr\\\/wp-content\\\/uploads\\\/2020\\\/04\\\/logo-schaeffer-woerly-vins-alsace-dambach-la-vile-e1585817132872.png\",\"width\":201,\"height\":93,\"caption\":\"Vins d'Alsace Schaeffer-Woerly\"},\"image\":{\"@id\":\"https:\\\/\\\/www.schaeffer-woerly.fr\\\/#\\\/schema\\\/logo\\\/image\\\/\"},\"sameAs\":[\"https:\\\/\\\/www.facebook.com\\\/vinsalsace.schaefferwoerly\\\/\",\"https:\\\/\\\/www.instagram.com\\\/vinalsacesw\\\/\"]},{\"@type\":\"Person\",\"@id\":\"https:\\\/\\\/www.schaeffer-woerly.fr\\\/#\\\/schema\\\/person\\\/4350aace4d86bbfc51303b8db9ba5402\",\"name\":\"Maxime Woerly\",\"image\":{\"@type\":\"ImageObject\",\"inLanguage\":\"de\",\"@id\":\"https:\\\/\\\/secure.gravatar.com\\\/avatar\\\/307197c2ed7c9fc6a1700270147c9945688dada9e58a1d228d57201fb0e5ff0b?s=96&d=mm&r=g\",\"url\":\"https:\\\/\\\/secure.gravatar.com\\\/avatar\\\/307197c2ed7c9fc6a1700270147c9945688dada9e58a1d228d57201fb0e5ff0b?s=96&d=mm&r=g\",\"contentUrl\":\"https:\\\/\\\/secure.gravatar.com\\\/avatar\\\/307197c2ed7c9fc6a1700270147c9945688dada9e58a1d228d57201fb0e5ff0b?s=96&d=mm&r=g\",\"caption\":\"Maxime Woerly\"}}]}<\/script>\n<!-- \/ Yoast SEO plugin. -->","yoast_head_json":{"title":"Bio-Weinlese 2026 im Elsass | Domaine Schaeffer-Woerly","description":"Entdecken Sie die Bio-Weinlese 2026 im Domaine Schaeffer-Woerly in Dambach-la-Ville. 100% Handlese, intakte Biodiversit\u00e4t und exzellente Els\u00e4sser Weine!","robots":{"index":"index","follow":"follow","max-snippet":"max-snippet:-1","max-image-preview":"max-image-preview:large","max-video-preview":"max-video-preview:-1"},"canonical":"https:\/\/www.schaeffer-woerly.fr\/de\/bio-weinlese-2026-dambach-la-ville\/","og_locale":"de_DE","og_type":"article","og_title":"Bio-Weinlese 2026 im Elsass | Domaine Schaeffer-Woerly","og_description":"Entdecken Sie die Bio-Weinlese 2026 im Domaine Schaeffer-Woerly in Dambach-la-Ville. 100% Handlese, intakte Biodiversit\u00e4t und exzellente Els\u00e4sser Weine!","og_url":"https:\/\/www.schaeffer-woerly.fr\/de\/bio-weinlese-2026-dambach-la-ville\/","og_site_name":"Vins d&#039;Alsace Schaeffer-Woerly","article_publisher":"https:\/\/www.facebook.com\/vinsalsace.schaefferwoerly\/","article_published_time":"2026-09-03T18:28:45+00:00","article_modified_time":"2026-09-03T18:28:47+00:00","og_image":[{"width":800,"height":600,"url":"https:\/\/www.schaeffer-woerly.fr\/wp-content\/uploads\/2026\/09\/reife-muscat-traube-elsass-weinlese.jpg.jpeg","type":"image\/jpeg"}],"author":"Maxime Woerly","twitter_card":"summary_large_image","twitter_misc":{"Verfasst von":"Maxime Woerly","Gesch\u00e4tzte Lesezeit":"4\u00a0Minuten"},"schema":{"@context":"https:\/\/schema.org","@graph":[{"@type":"Article","@id":"https:\/\/www.schaeffer-woerly.fr\/de\/bio-weinlese-2026-dambach-la-ville\/#article","isPartOf":{"@id":"https:\/\/www.schaeffer-woerly.fr\/de\/bio-weinlese-2026-dambach-la-ville\/"},"author":{"name":"Maxime Woerly","@id":"https:\/\/www.schaeffer-woerly.fr\/#\/schema\/person\/4350aace4d86bbfc51303b8db9ba5402"},"headline":"Im Herzen der Weinlese 2026 im Domaine Schaeffer-Woerly in Dambach-la-Ville","datePublished":"2026-09-03T18:28:45+00:00","dateModified":"2026-09-03T18:28:47+00:00","mainEntityOfPage":{"@id":"https:\/\/www.schaeffer-woerly.fr\/de\/bio-weinlese-2026-dambach-la-ville\/"},"wordCount":490,"commentCount":0,"publisher":{"@id":"https:\/\/www.schaeffer-woerly.fr\/#organization"},"image":{"@id":"https:\/\/www.schaeffer-woerly.fr\/de\/bio-weinlese-2026-dambach-la-ville\/#primaryimage"},"thumbnailUrl":"https:\/\/www.schaeffer-woerly.fr\/wp-content\/uploads\/2026\/09\/reife-muscat-traube-elsass-weinlese.jpg.jpeg","keywords":["Bio-Weingut","Bio-Weinlese","Biodiversit\u00e4t","Cr\u00e9mant d'Alsace","Dambach-la-ville","Domaine Schaeffer-Woerly","Elsass Weine","Gottesanbeterin","Handlese","Muscat","Pinot Gris","Weinlese 2026","Weinprobe Elsass"],"articleSection":["Im Weinberg"],"inLanguage":"de","potentialAction":[{"@type":"CommentAction","name":"Comment","target":["https:\/\/www.schaeffer-woerly.fr\/de\/bio-weinlese-2026-dambach-la-ville\/#respond"]}]},{"@type":"WebPage","@id":"https:\/\/www.schaeffer-woerly.fr\/de\/bio-weinlese-2026-dambach-la-ville\/","url":"https:\/\/www.schaeffer-woerly.fr\/de\/bio-weinlese-2026-dambach-la-ville\/","name":"Bio-Weinlese 2026 im Elsass | Domaine Schaeffer-Woerly","isPartOf":{"@id":"https:\/\/www.schaeffer-woerly.fr\/#website"},"primaryImageOfPage":{"@id":"https:\/\/www.schaeffer-woerly.fr\/de\/bio-weinlese-2026-dambach-la-ville\/#primaryimage"},"image":{"@id":"https:\/\/www.schaeffer-woerly.fr\/de\/bio-weinlese-2026-dambach-la-ville\/#primaryimage"},"thumbnailUrl":"https:\/\/www.schaeffer-woerly.fr\/wp-content\/uploads\/2026\/09\/reife-muscat-traube-elsass-weinlese.jpg.jpeg","datePublished":"2026-09-03T18:28:45+00:00","dateModified":"2026-09-03T18:28:47+00:00","description":"Entdecken Sie die Bio-Weinlese 2026 im Domaine Schaeffer-Woerly in Dambach-la-Ville. 100% Handlese, intakte Biodiversit\u00e4t und exzellente Els\u00e4sser Weine!","breadcrumb":{"@id":"https:\/\/www.schaeffer-woerly.fr\/de\/bio-weinlese-2026-dambach-la-ville\/#breadcrumb"},"inLanguage":"de","potentialAction":[{"@type":"ReadAction","target":["https:\/\/www.schaeffer-woerly.fr\/de\/bio-weinlese-2026-dambach-la-ville\/"]}]},{"@type":"ImageObject","inLanguage":"de","@id":"https:\/\/www.schaeffer-woerly.fr\/de\/bio-weinlese-2026-dambach-la-ville\/#primaryimage","url":"https:\/\/www.schaeffer-woerly.fr\/wp-content\/uploads\/2026\/09\/reife-muscat-traube-elsass-weinlese.jpg.jpeg","contentUrl":"https:\/\/www.schaeffer-woerly.fr\/wp-content\/uploads\/2026\/09\/reife-muscat-traube-elsass-weinlese.jpg.jpeg","width":800,"height":600,"caption":"Unsere saftigen Muscat-Trauben, bereit f\u00fcr die Handlese im fr\u00fchen Morgenlicht."},{"@type":"BreadcrumbList","@id":"https:\/\/www.schaeffer-woerly.fr\/de\/bio-weinlese-2026-dambach-la-ville\/#breadcrumb","itemListElement":[{"@type":"ListItem","position":1,"name":"Accueil","item":"https:\/\/www.schaeffer-woerly.fr\/de\/"},{"@type":"ListItem","position":2,"name":"Im Weinberg","item":"https:\/\/www.schaeffer-woerly.fr\/de\/actus\/im-weinberg\/"},{"@type":"ListItem","position":3,"name":"Im Herzen der Weinlese 2026 im Domaine Schaeffer-Woerly in Dambach-la-Ville"}]},{"@type":"WebSite","@id":"https:\/\/www.schaeffer-woerly.fr\/#website","url":"https:\/\/www.schaeffer-woerly.fr\/","name":"Vins d'Alsace Schaeffer-Woerly","description":"Vigneron en agriculture biologique \u00e0 Dambach-la-Ville (Alsace, France)","publisher":{"@id":"https:\/\/www.schaeffer-woerly.fr\/#organization"},"potentialAction":[{"@type":"SearchAction","target":{"@type":"EntryPoint","urlTemplate":"https:\/\/www.schaeffer-woerly.fr\/?s={search_term_string}"},"query-input":{"@type":"PropertyValueSpecification","valueRequired":true,"valueName":"search_term_string"}}],"inLanguage":"de"},{"@type":"Organization","@id":"https:\/\/www.schaeffer-woerly.fr\/#organization","name":"Vins d'Alsace Schaeffer-Woerly","url":"https:\/\/www.schaeffer-woerly.fr\/","logo":{"@type":"ImageObject","inLanguage":"de","@id":"https:\/\/www.schaeffer-woerly.fr\/#\/schema\/logo\/image\/","url":"https:\/\/www.schaeffer-woerly.fr\/wp-content\/uploads\/2020\/04\/logo-schaeffer-woerly-vins-alsace-dambach-la-vile-e1585817132872.png","contentUrl":"https:\/\/www.schaeffer-woerly.fr\/wp-content\/uploads\/2020\/04\/logo-schaeffer-woerly-vins-alsace-dambach-la-vile-e1585817132872.png","width":201,"height":93,"caption":"Vins d'Alsace Schaeffer-Woerly"},"image":{"@id":"https:\/\/www.schaeffer-woerly.fr\/#\/schema\/logo\/image\/"},"sameAs":["https:\/\/www.facebook.com\/vinsalsace.schaefferwoerly\/","https:\/\/www.instagram.com\/vinalsacesw\/"]},{"@type":"Person","@id":"https:\/\/www.schaeffer-woerly.fr\/#\/schema\/person\/4350aace4d86bbfc51303b8db9ba5402","name":"Maxime Woerly","image":{"@type":"ImageObject","inLanguage":"de","@id":"https:\/\/secure.gravatar.com\/avatar\/307197c2ed7c9fc6a1700270147c9945688dada9e58a1d228d57201fb0e5ff0b?s=96&d=mm&r=g","url":"https:\/\/secure.gravatar.com\/avatar\/307197c2ed7c9fc6a1700270147c9945688dada9e58a1d228d57201fb0e5ff0b?s=96&d=mm&r=g","contentUrl":"https:\/\/secure.gravatar.com\/avatar\/307197c2ed7c9fc6a1700270147c9945688dada9e58a1d228d57201fb0e5ff0b?s=96&d=mm&r=g","caption":"Maxime Woerly"}}]}},"_links":{"self":[{"href":"https:\/\/www.schaeffer-woerly.fr\/de\/wp-json\/wp\/v2\/posts\/9515","targetHints":{"allow":["GET"]}}],"collection":[{"href":"https:\/\/www.schaeffer-woerly.fr\/de\/wp-json\/wp\/v2\/posts"}],"about":[{"href":"https:\/\/www.schaeffer-woerly.fr\/de\/wp-json\/wp\/v2\/types\/post"}],"author":[{"embeddable":true,"href":"https:\/\/www.schaeffer-woerly.fr\/de\/wp-json\/wp\/v2\/users\/2"}],"replies":[{"embeddable":true,"href":"https:\/\/www.schaeffer-woerly.fr\/de\/wp-json\/wp\/v2\/comments?post=9515"}],"version-history":[{"count":1,"href":"https:\/\/www.schaeffer-woerly.fr\/de\/wp-json\/wp\/v2\/posts\/9515\/revisions"}],"predecessor-version":[{"id":9528,"href":"https:\/\/www.schaeffer-woerly.fr\/de\/wp-json\/wp\/v2\/posts\/9515\/revisions\/9528"}],"wp:featuredmedia":[{"embeddable":true,"href":"https:\/\/www.schaeffer-woerly.fr\/de\/wp-json\/wp\/v2\/media\/9519"}],"wp:attachment":[{"href":"https:\/\/www.schaeffer-woerly.fr\/de\/wp-json\/wp\/v2\/media?parent=9515"}],"wp:term":[{"taxonomy":"category","embeddable":true,"href":"https:\/\/www.schaeffer-woerly.fr\/de\/wp-json\/wp\/v2\/categories?post=9515"},{"taxonomy":"post_tag","embeddable":true,"href":"https:\/\/www.schaeffer-woerly.fr\/de\/wp-json\/wp\/v2\/tags?post=9515"}],"curies":[{"name":"wp","href":"https:\/\/api.w.org\/{rel}","templated":true}]}}